{"id":119,"date":"2015-03-12T12:00:03","date_gmt":"2015-03-12T12:00:03","guid":{"rendered":"http:\/\/localserver\/pt\/?p=119"},"modified":"2016-07-11T10:08:17","modified_gmt":"2016-07-11T10:08:17","slug":"oficinas-abertas-change-making-educators","status":"publish","type":"post","link":"https:\/\/www.future-balloons.eu\/pt\/oficinas-abertas-change-making-educators\/","title":{"rendered":"Oficinas Abertas &#8220;Change making Educators&#8221;"},"content":{"rendered":"<p><a href=\"http:\/\/www.future-balloons.eu\/pt\/wp-content\/uploads\/sites\/4\/2016\/07\/divulgao-oficinas-facebook.jpg\"><img loading=\"lazy\" decoding=\"async\" class=\"alignnone wp-image-638 size-medium\" src=\"http:\/\/www.future-balloons.eu\/pt\/wp-content\/uploads\/sites\/4\/2016\/07\/divulgao-oficinas-facebook-300x96.jpg\" width=\"300\" height=\"96\" srcset=\"https:\/\/www.future-balloons.eu\/pt\/wp-content\/uploads\/sites\/4\/2016\/07\/divulgao-oficinas-facebook-300x96.jpg 300w, https:\/\/www.future-balloons.eu\/pt\/wp-content\/uploads\/sites\/4\/2016\/07\/divulgao-oficinas-facebook-768x246.jpg 768w, https:\/\/www.future-balloons.eu\/pt\/wp-content\/uploads\/sites\/4\/2016\/07\/divulgao-oficinas-facebook-250x80.jpg 250w, https:\/\/www.future-balloons.eu\/pt\/wp-content\/uploads\/sites\/4\/2016\/07\/divulgao-oficinas-facebook-750x240.jpg 750w, https:\/\/www.future-balloons.eu\/pt\/wp-content\/uploads\/sites\/4\/2016\/07\/divulgao-oficinas-facebook-600x192.jpg 600w, https:\/\/www.future-balloons.eu\/pt\/wp-content\/uploads\/sites\/4\/2016\/07\/divulgao-oficinas-facebook-400x128.jpg 400w, https:\/\/www.future-balloons.eu\/pt\/wp-content\/uploads\/sites\/4\/2016\/07\/divulgao-oficinas-facebook.jpg 1000w\" sizes=\"auto, (max-width: 300px) 100vw, 300px\" \/><\/a><\/p>\n<p>A Future Balloons convida \u00e0 participa\u00e7\u00e3o nas oficinas livres do curso internacional \u201cChange Making Educators\u201d:<\/p>\n<p><strong><br \/>\n24 mar\u00e7o 2015 (09h30 \u2013 13h30) &#8211; Oficina de Educa\u00e7\u00e3o Global com Teresa Mendes da <a href=\"http:\/\/www.florescer.pt\/\" target=\"_blank\">Associa\u00e7\u00e3o Florescer<\/a><\/strong><\/p>\n<p><strong>26 mar\u00e7o 2015 (09h30 \u2013 12h30) \u2013 Oficina <em>Celebrating Mistakes<\/em> com Ricardo Falc\u00e3o da <a href=\"http:\/\/www.dorfeu.pt\/\" target=\"_blank\">Associa\u00e7\u00e3o Cultural D\u2019Orfeu<\/a><\/strong><\/p>\n<p><strong>26 mar\u00e7o 2015 (14h30 \u2013 17h30) &#8211; Oficina de <em>Flow Learning<\/em> com M\u00f3nica Franco do <a href=\"http:\/\/www.movimentobloom.org.pt\/\" target=\"_blank\">Movimento <em>Bloom<\/em><\/a><\/strong><br \/>\nAs oficinas s\u00e3o ministradas em ingl\u00eas. Inscri\u00e7\u00f5es limitadas e aceites por ordem de chegada.<\/p>\n<p><strong>Sinopse Oficinas<\/strong><\/p>\n<p>24 mar\u00e7o de 2015 (09h30 \u2013 13h30) &#8211; Oficina de <strong>Educa\u00e7\u00e3o Global<\/strong> com Teresa Mendes da Associa\u00e7\u00e3o Florescer<\/p>\n<p>Temas principais da sess\u00e3o:<\/p>\n<p>&#8211; Paradigmas de inova\u00e7\u00e3o e transforma\u00e7\u00e3o em educa\u00e7\u00e3o;<br \/>\n&#8211; Educa\u00e7\u00e3o global, empreendedora e hol\u00edstica;<br \/>\n&#8211; Estruturas de aprendizagem para desescolariza\u00e7\u00e3o, escolariza\u00e7\u00e3o flex\u00edvel, escolariza\u00e7\u00e3o p\u00fablica e privada;<br \/>\n&#8211; Comunidades e ambientes de aprendizagem;<br \/>\n&#8211; Redes locais e globais em educa\u00e7\u00e3o;<br \/>\n&#8211; Passos e responsabilidades para fazer a mudan\u00e7a na educa\u00e7\u00e3o &#8220;Fazer pequeno e pensar grande!&#8221;.<\/p>\n<p>26 mar\u00e7o de 2015 (09h30 \u2013 12h30) \u2013 Oficina <em><strong>Celebrating Mistakes<\/strong><\/em> com Ricardo Falc\u00e3o da Associa\u00e7\u00e3o Cultural D\u2019Orfeu<\/p>\n<p>Uma abordagem \u00e0 educa\u00e7\u00e3o baseada na m\u00fasica e no drama que combina uma s\u00e9rie de exerc\u00edcios que incluem din\u00e2micas de grupo, express\u00e3o vocal e corporal e improvisa\u00e7\u00e3o. Partindo do conceito FAIL &#8211; First Attempt in Learning &#8211; vamos trabalhar juntos, com o intuito de melhorar a comunica\u00e7\u00e3o, compet\u00eancias de postura e trabalho em equipa para um ambiente de ensino.<\/p>\n<p>26 mar\u00e7o de 2015 (14h30 \u2013 17h30) &#8211; Oficina de<strong><em> Flow Learning <\/em><\/strong>com M\u00f3nica Franco do Movimento <em>Bloom<\/em><\/p>\n<p>Nesta oficina, os participantes recebem ferramentas com as quais podem inspirar os outros, atrav\u00e9s da realiza\u00e7\u00e3o de atividades, de m\u00f3dulos de programa\u00e7\u00e3o e m\u00e9todos de aprendizagem, com os quais aprendem a orientar outros de uma forma din\u00e2mica e eficaz.<\/p>\n<p><strong>Inscri\u00e7\u00f5es: <\/strong><a href=\"mailto:future.balloons@gmail.com\">future.balloons@gmail.com<\/a><br \/>\nMais informa\u00e7\u00e3o: <a href=\"http:\/\/www.future-balloons.eu\">www.future-balloons.eu<\/a><br \/>\n<a href=\"http:\/\/www.facebook.com\/FutureBalloons\">www.facebook.com\/FutureBalloons<\/a><\/p>\n","protected":false},"excerpt":{"rendered":"<p>A Future Balloons convida \u00e0 participa\u00e7\u00e3o nas oficinas livres do curso internacional \u201cChange Making Educators\u201d: 24 mar\u00e7o 2015 (09h30 \u2013 13h30) &#8211; Oficina de Educa\u00e7\u00e3o Global com Teresa Mendes da Associa\u00e7\u00e3o Florescer 26 mar\u00e7o 2015 (09h30 \u2013 12h30) \u2013 Oficina Celebrating Mistakes com Ricardo Falc\u00e3o da Associa\u00e7\u00e3o Cultural D\u2019Orfeu 26 mar\u00e7o 2015 (14h30 \u2013 17h30)<a href=\"https:\/\/www.future-balloons.eu\/pt\/oficinas-abertas-change-making-educators\/\">[&#8230;]<\/a><\/p>\n","protected":false},"author":1,"featured_media":638,"comment_status":"closed","ping_status":"closed","sticky":false,"template":"","format":"standard","meta":{"inline_featured_image":false,"_monsterinsights_skip_tracking":false,"_monsterinsights_sitenote_active":false,"_monsterinsights_sitenote_note":"","_monsterinsights_sitenote_category":0,"footnotes":""},"categories":[4],"tags":[],"class_list":["post-119","post","type-post","status-publish","format-standard","has-post-thumbnail","hentry","category-noticias"],"_links":{"self":[{"href":"https:\/\/www.future-balloons.eu\/pt\/wp-json\/wp\/v2\/posts\/119","targetHints":{"allow":["GET"]}}],"collection":[{"href":"https:\/\/www.future-balloons.eu\/pt\/wp-json\/wp\/v2\/posts"}],"about":[{"href":"https:\/\/www.future-balloons.eu\/pt\/wp-json\/wp\/v2\/types\/post"}],"author":[{"embeddable":true,"href":"https:\/\/www.future-balloons.eu\/pt\/wp-json\/wp\/v2\/users\/1"}],"replies":[{"embeddable":true,"href":"https:\/\/www.future-balloons.eu\/pt\/wp-json\/wp\/v2\/comments?post=119"}],"version-history":[{"count":5,"href":"https:\/\/www.future-balloons.eu\/pt\/wp-json\/wp\/v2\/posts\/119\/revisions"}],"predecessor-version":[{"id":654,"href":"https:\/\/www.future-balloons.eu\/pt\/wp-json\/wp\/v2\/posts\/119\/revisions\/654"}],"wp:featuredmedia":[{"embeddable":true,"href":"https:\/\/www.future-balloons.eu\/pt\/wp-json\/wp\/v2\/media\/638"}],"wp:attachment":[{"href":"https:\/\/www.future-balloons.eu\/pt\/wp-json\/wp\/v2\/media?parent=119"}],"wp:term":[{"taxonomy":"category","embeddable":true,"href":"https:\/\/www.future-balloons.eu\/pt\/wp-json\/wp\/v2\/categories?post=119"},{"taxonomy":"post_tag","embeddable":true,"href":"https:\/\/www.future-balloons.eu\/pt\/wp-json\/wp\/v2\/tags?post=119"}],"curies":[{"name":"wp","href":"https:\/\/api.w.org\/{rel}","templated":true}]}}